{"id":260,"date":"2026-04-12T11:17:36","date_gmt":"2026-04-12T09:17:36","guid":{"rendered":"https:\/\/xn--spielgruppe-frschli-36b.ch\/?p=260"},"modified":"2026-04-12T11:28:36","modified_gmt":"2026-04-12T09:28:36","slug":"test","status":"publish","type":"post","link":"https:\/\/xn--spielgruppe-frschli-36b.ch\/?p=260","title":{"rendered":"Neue Leitung der Spielgruppe ab August 2026"},"content":{"rendered":"\n<p class=\"wp-block-paragraph\">Nach mehr als 10 Jahren als Leiterin der Spielgruppe Fr\u00f6schli habe ich mich entschlossen, meine Spielgruppe an Laura Salvetti zu \u00fcbergeben. Laura wird die Spielgruppe ab dem 1. August \u00fcbernehmen und verf\u00fcgt \u00fcber die notwendigen Qualifikationen. <\/p>\n\n\n\n<p class=\"wp-block-paragraph\">Ich freue mich sehr, mit Laura eine gute Nachfolgeregelung gefunden zu haben. <\/p>\n\n\n\n<p class=\"wp-block-paragraph\">Ich m\u00f6chte mich bei allen f\u00fcr ihr entgegengebrachtes Vertrauen herzlich bedanken. Ich blicke mit einem weinenden Auge zur\u00fcck und mit einem lachenden Auge in die Zukunft.<\/p>\n\n\n\n<p class=\"wp-block-paragraph\">An dieser Stelle m\u00f6chte ich Laura die Gelegenheit geben, sich kurz vorzustellen:<\/p>\n\n\n\n<p class=\"wp-block-paragraph\">Liebe Eltern und Erziehnungsberechtigte<\/p>\n\n\n\n<p class=\"wp-block-paragraph\">Mein Name ist Laura, ich bin 38 Jahre alt und gelernte Pharma-Assistentin. Nach der Geburt meiner Tochter habe ich mich beruflich neu orientiert und die Ausbildung zur Spielgruppenleiterin absolviert. Weil mir die sprachliche Entwicklung der Kinder besonders am Herzen liegt, habe ich die Weiterbildung Sprache und Integration im Bereich der fr\u00fchen Sprachf\u00f6rderung gemacht. Als Mutter einer vierj\u00e4hrigen Tochter bringe ich viele pers\u00f6nliche Erfahrungen in meine Arbeit ein. Es freut mich sehr, dass ich nun die Spielgruppe Fr\u00f6schli weiterf\u00fchren darf und gemeinsam mit den Kindern viele sch\u00f6ne, spannende und wertvolle Momente erleben kann.<br>Ich freue mich auf eine tolle Zeit mit euch und den Kindern!<br><br>Herzliche Gr\u00fcsse<br>Laura<\/p>\n\n\n\n<figure class=\"wp-block-image size-large\"><img loading=\"lazy\" decoding=\"async\" width=\"881\" height=\"1024\" src=\"https:\/\/xn--spielgruppe-frschli-36b.ch\/wp-content\/uploads\/2026\/04\/IMG-20260404-WA0015-881x1024.jpg\" alt=\"\" class=\"wp-image-264\" srcset=\"https:\/\/xn--spielgruppe-frschli-36b.ch\/wp-content\/uploads\/2026\/04\/IMG-20260404-WA0015-881x1024.jpg 881w, https:\/\/xn--spielgruppe-frschli-36b.ch\/wp-content\/uploads\/2026\/04\/IMG-20260404-WA0015-258x300.jpg 258w, https:\/\/xn--spielgruppe-frschli-36b.ch\/wp-content\/uploads\/2026\/04\/IMG-20260404-WA0015-768x893.jpg 768w, https:\/\/xn--spielgruppe-frschli-36b.ch\/wp-content\/uploads\/2026\/04\/IMG-20260404-WA0015-1321x1536.jpg 1321w, https:\/\/xn--spielgruppe-frschli-36b.ch\/wp-content\/uploads\/2026\/04\/IMG-20260404-WA0015.jpg 1376w\" sizes=\"auto, (max-width: 767px) 89vw, (max-width: 1000px) 54vw, (max-width: 1071px) 543px, 580px\" \/><\/figure>\n","protected":false},"excerpt":{"rendered":"<p>Nach mehr als 10 Jahren als Leiterin der Spielgruppe Fr\u00f6schli habe ich mich entschlossen, meine Spielgruppe an Laura Salvetti zu \u00fcbergeben. Laura wird die Spielgruppe ab dem 1. August \u00fcbernehmen und verf\u00fcgt \u00fcber die notwendigen Qualifikationen. Ich freue mich sehr, mit Laura eine gute Nachfolgeregelung gefunden zu haben. Ich m\u00f6chte mich bei allen f\u00fcr ihr &hellip; <\/p>\n<p class=\"link-more\"><a href=\"https:\/\/xn--spielgruppe-frschli-36b.ch\/?p=260\" class=\"more-link\"><span class=\"screen-reader-text\">\u201eNeue Leitung der Spielgruppe ab August 2026\u201c <\/span>weiterlesen<\/a><\/p>\n","protected":false},"author":1,"featured_media":0,"comment_status":"closed","ping_status":"closed","sticky":false,"template":"","format":"standard","meta":{"footnotes":""},"categories":[1],"tags":[],"class_list":["post-260","post","type-post","status-publish","format-standard","hentry","category-uncategorized"],"_links":{"self":[{"href":"https:\/\/xn--spielgruppe-frschli-36b.ch\/index.php?rest_route=\/wp\/v2\/posts\/260","targetHints":{"allow":["GET"]}}],"collection":[{"href":"https:\/\/xn--spielgruppe-frschli-36b.ch\/index.php?rest_route=\/wp\/v2\/posts"}],"about":[{"href":"https:\/\/xn--spielgruppe-frschli-36b.ch\/index.php?rest_route=\/wp\/v2\/types\/post"}],"author":[{"embeddable":true,"href":"https:\/\/xn--spielgruppe-frschli-36b.ch\/index.php?rest_route=\/wp\/v2\/users\/1"}],"replies":[{"embeddable":true,"href":"https:\/\/xn--spielgruppe-frschli-36b.ch\/index.php?rest_route=%2Fwp%2Fv2%2Fcomments&post=260"}],"version-history":[{"count":4,"href":"https:\/\/xn--spielgruppe-frschli-36b.ch\/index.php?rest_route=\/wp\/v2\/posts\/260\/revisions"}],"predecessor-version":[{"id":265,"href":"https:\/\/xn--spielgruppe-frschli-36b.ch\/index.php?rest_route=\/wp\/v2\/posts\/260\/revisions\/265"}],"wp:attachment":[{"href":"https:\/\/xn--spielgruppe-frschli-36b.ch\/index.php?rest_route=%2Fwp%2Fv2%2Fmedia&parent=260"}],"wp:term":[{"taxonomy":"category","embeddable":true,"href":"https:\/\/xn--spielgruppe-frschli-36b.ch\/index.php?rest_route=%2Fwp%2Fv2%2Fcategories&post=260"},{"taxonomy":"post_tag","embeddable":true,"href":"https:\/\/xn--spielgruppe-frschli-36b.ch\/index.php?rest_route=%2Fwp%2Fv2%2Ftags&post=260"}],"curies":[{"name":"wp","href":"https:\/\/api.w.org\/{rel}","templated":true}]}}